{"id":3368,"date":"2021-10-11T22:13:40","date_gmt":"2021-10-11T22:13:40","guid":{"rendered":"https:\/\/famonterrey.org\/?p=3368"},"modified":"2021-10-11T22:25:19","modified_gmt":"2021-10-11T22:25:19","slug":"de-la-mano-con-el-deporte","status":"publish","type":"post","link":"https:\/\/famonterrey.org\/en\/2021\/10\/de-la-mano-con-el-deporte\/","title":{"rendered":"De la mano con el deporte"},"content":{"rendered":"<p> <\/p>\n\n\n\n<p> <\/p>\n\n\n\n<p> <\/p>\n\n\n\n<p><\/p>\n\n\n\n<p> <\/p>\n\n\n\n<p> <\/p>\n\n\n\n<p> <\/p>\n\n\n\n<p><strong> De la mano con el deporte<\/strong><\/p>\n\n\n\n<p>A trav\u00e9s del deporte se expresa lo que muchos Hombres y Mujeres traen por dentro. Es por esto por lo que la Fundaci\u00f3n Agroambiental Monterrey, se pone la mano en el coraz\u00f3n, para darle apoyo a m\u00faltiples deportistas del pa\u00eds, carentes de apoyo para&nbsp; ejercer sus capacidades en diferentes disciplinas.<\/p>\n\n\n\n<p>En esta ocasion logramos apoyar al grupo de pesistas del departamento del Magdalena en el pasado campeonato nacional juvenil sub-20 y sub-23 realizado en Cali Valle del Cauca, quienes lograron un total de 11 medallas, en las cuales se ostenta una preciada de oro.<\/p>\n\n\n\n<p>Nuestra labor social es integral. Est\u00e1 enfocada en el rescate de valores esenciales, los cuales por medio del deporte y la cultura se pueden potencializar. Es por esto que aportamos nuestro apoyo a este grupo de muchachos, para que vayan creando una carrera prometedora en la disciplina de pesas y jam\u00e1s llegar a perder su tiempo, en cosas que les marquen un camino err\u00f3neo en sus vidas.<\/p>\n\n\n\n<p>Hacemos un llamado a ti que te gusta, hacer realidad estos programas de vida, para que te sumes y aportes, para que m\u00e1s j\u00f3venes hagan sus sue\u00f1os realidad.<\/p>\n\n\n\n<figure class=\"wp-block-gallery columns-1 is-cropped\"><ul class=\"blocks-gallery-grid\"><li class=\"blocks-gallery-item\"><figure><img loading=\"lazy\" width=\"1024\" height=\"682\" src=\"https:\/\/famonterrey.org\/wp-content\/uploads\/2021\/10\/WhatsApp-Image-2021-10-08-at-5.26.06-PM-1024x682.jpeg\" alt=\"\" data-id=\"3369\" data-full-url=\"https:\/\/famonterrey.org\/wp-content\/uploads\/2021\/10\/WhatsApp-Image-2021-10-08-at-5.26.06-PM.jpeg\" data-link=\"https:\/\/famonterrey.org\/?attachment_id=3369\" class=\"wp-image-3369\" srcset=\"https:\/\/famonterrey.org\/wp-content\/uploads\/2021\/10\/WhatsApp-Image-2021-10-08-at-5.26.06-PM-1024x682.jpeg 1024w, https:\/\/famonterrey.org\/wp-content\/uploads\/2021\/10\/WhatsApp-Image-2021-10-08-at-5.26.06-PM-300x200.jpeg 300w, https:\/\/famonterrey.org\/wp-content\/uploads\/2021\/10\/WhatsApp-Image-2021-10-08-at-5.26.06-PM-768x512.jpeg 768w, https:\/\/famonterrey.org\/wp-content\/uploads\/2021\/10\/WhatsApp-Image-2021-10-08-at-5.26.06-PM-18x12.jpeg 18w, https:\/\/famonterrey.org\/wp-content\/uploads\/2021\/10\/WhatsApp-Image-2021-10-08-at-5.26.06-PM.jpeg 1280w\" sizes=\"(max-width: 1024px) 100vw, 1024px\" \/><\/figure><\/li><\/ul><\/figure>","protected":false},"excerpt":{"rendered":"<p>De la mano con el deporte A trav\u00e9s del deporte se expresa lo que muchos Hombres y Mujeres traen por dentro. Es por esto por lo que la Fundaci\u00f3n Agroambiental Monterrey, se pone la mano en el coraz\u00f3n, para darle apoyo a m\u00faltiples deportistas del pa\u00eds, carentes de apoyo para&nbsp; ejercer sus capacidades en diferentes [&hellip;]<\/p>","protected":false},"author":1,"featured_media":3370,"comment_status":"closed","ping_status":"closed","sticky":false,"template":"","format":"standard","meta":[],"categories":[23],"tags":[],"_links":{"self":[{"href":"https:\/\/famonterrey.org\/en\/wp-json\/wp\/v2\/posts\/3368"}],"collection":[{"href":"https:\/\/famonterrey.org\/en\/wp-json\/wp\/v2\/posts"}],"about":[{"href":"https:\/\/famonterrey.org\/en\/wp-json\/wp\/v2\/types\/post"}],"author":[{"embeddable":true,"href":"https:\/\/famonterrey.org\/en\/wp-json\/wp\/v2\/users\/1"}],"replies":[{"embeddable":true,"href":"https:\/\/famonterrey.org\/en\/wp-json\/wp\/v2\/comments?post=3368"}],"version-history":[{"count":5,"href":"https:\/\/famonterrey.org\/en\/wp-json\/wp\/v2\/posts\/3368\/revisions"}],"predecessor-version":[{"id":3375,"href":"https:\/\/famonterrey.org\/en\/wp-json\/wp\/v2\/posts\/3368\/revisions\/3375"}],"wp:featuredmedia":[{"embeddable":true,"href":"https:\/\/famonterrey.org\/en\/wp-json\/wp\/v2\/media\/3370"}],"wp:attachment":[{"href":"https:\/\/famonterrey.org\/en\/wp-json\/wp\/v2\/media?parent=3368"}],"wp:term":[{"taxonomy":"category","embeddable":true,"href":"https:\/\/famonterrey.org\/en\/wp-json\/wp\/v2\/categories?post=3368"},{"taxonomy":"post_tag","embeddable":true,"href":"https:\/\/famonterrey.org\/en\/wp-json\/wp\/v2\/tags?post=3368"}],"curies":[{"name":"wp","href":"https:\/\/api.w.org\/{rel}","templated":true}]}}