{"id":3272,"date":"2021-04-12T15:32:44","date_gmt":"2021-04-12T15:32:44","guid":{"rendered":"https:\/\/famonterrey.org\/?p=3272"},"modified":"2021-04-12T15:32:44","modified_gmt":"2021-04-12T15:32:44","slug":"sembrando-vida","status":"publish","type":"post","link":"https:\/\/famonterrey.org\/en\/2021\/04\/sembrando-vida\/","title":{"rendered":"SEMBRANDO VIDA"},"content":{"rendered":"<p>La vida lleg\u00f3 al ser humano por medio de una semilla, venida del coraz\u00f3n central del universo, desde ese lugar se engendran las mentes y consciencias de toda la creaci\u00f3n. Es por esto que el fundamento de todo lo existente es la vida, es el estandarte de todo ser de luz proveniente del padre celestial y la madre luz.<\/p>\n\n\n\n<p>Como seres venidos de esa luz estamos llamados a sembrar vida, para unificar corazones al prop\u00f3sito \u00fanico de conservar la tierra que nos da de comer. la <strong>FUNDACION AGROAMBIENTAL MONTERREY <\/strong>conserva este prop\u00f3sito y se ha encaminado en la creaci\u00f3n de un lugar de paz y reconcilio, donde estamos sembrando la gran idea de corazones humildes, los cuales anhelan la llegada de seres como t\u00fa, deseosos de encontrar, la f\u00f3rmula exacta, que le d\u00e9 la germinaci\u00f3n a esa semilla que llevas por dentro, sembrado por el creador en ti.<\/p>\n\n\n\n<p>Eres luz y ac\u00e1 en tu <strong>FUNDACION AGROAMBIENTAL MONTERREY<\/strong> la vas a expandir y recrear por todo tu <strong>SER.<\/strong><\/p>","protected":false},"excerpt":{"rendered":"<p>La vida lleg\u00f3 al ser humano por medio de una semilla, venida del coraz\u00f3n central del universo, desde ese lugar se engendran las mentes y consciencias de toda la creaci\u00f3n. Es por esto que el fundamento de todo lo existente es la vida, es el estandarte de todo ser de luz proveniente del padre celestial [&hellip;]<\/p>","protected":false},"author":1,"featured_media":3157,"comment_status":"closed","ping_status":"closed","sticky":false,"template":"","format":"standard","meta":[],"categories":[28],"tags":[],"_links":{"self":[{"href":"https:\/\/famonterrey.org\/en\/wp-json\/wp\/v2\/posts\/3272"}],"collection":[{"href":"https:\/\/famonterrey.org\/en\/wp-json\/wp\/v2\/posts"}],"about":[{"href":"https:\/\/famonterrey.org\/en\/wp-json\/wp\/v2\/types\/post"}],"author":[{"embeddable":true,"href":"https:\/\/famonterrey.org\/en\/wp-json\/wp\/v2\/users\/1"}],"replies":[{"embeddable":true,"href":"https:\/\/famonterrey.org\/en\/wp-json\/wp\/v2\/comments?post=3272"}],"version-history":[{"count":1,"href":"https:\/\/famonterrey.org\/en\/wp-json\/wp\/v2\/posts\/3272\/revisions"}],"predecessor-version":[{"id":3273,"href":"https:\/\/famonterrey.org\/en\/wp-json\/wp\/v2\/posts\/3272\/revisions\/3273"}],"wp:featuredmedia":[{"embeddable":true,"href":"https:\/\/famonterrey.org\/en\/wp-json\/wp\/v2\/media\/3157"}],"wp:attachment":[{"href":"https:\/\/famonterrey.org\/en\/wp-json\/wp\/v2\/media?parent=3272"}],"wp:term":[{"taxonomy":"category","embeddable":true,"href":"https:\/\/famonterrey.org\/en\/wp-json\/wp\/v2\/categories?post=3272"},{"taxonomy":"post_tag","embeddable":true,"href":"https:\/\/famonterrey.org\/en\/wp-json\/wp\/v2\/tags?post=3272"}],"curies":[{"name":"wp","href":"https:\/\/api.w.org\/{rel}","templated":true}]}}